{"id":467,"date":"2023-09-27T16:41:15","date_gmt":"2023-09-27T19:41:15","guid":{"rendered":"https:\/\/ninhodasartes.com\/?p=467"},"modified":"2023-09-27T16:42:32","modified_gmt":"2023-09-27T19:42:32","slug":"ninho-das-artes-comunidades-do-sol-nascente-por-do-sol-recebem-oficinas-gratuitas-de-economia-criativa","status":"publish","type":"post","link":"https:\/\/ninhodasartes.com\/index.php\/2023\/09\/27\/ninho-das-artes-comunidades-do-sol-nascente-por-do-sol-recebem-oficinas-gratuitas-de-economia-criativa\/","title":{"rendered":"Ninho das Artes: Comunidades do Sol Nascente\/P\u00f4r do Sol recebem oficinas gratuitas de economia criativa"},"content":{"rendered":"\n<figure class=\"wp-block-image size-full\"><img loading=\"lazy\" decoding=\"async\" width=\"265\" height=\"79\" src=\"https:\/\/ninhodasartes.com\/wp-content\/uploads\/2023\/09\/01-portal.png\" alt=\"\" class=\"wp-image-470\"\/><\/figure>\n\n\n\n<h4 class=\"wp-block-heading\"><em>A a\u00e7\u00e3o, que chega sua quarta etapa fortalece comunidade e forma agentes multiplicadores co<\/em><em>m oficinas e feiras colaborativas&nbsp;<\/em><\/h4>\n\n\n\n<p>O \u201cNinho das Artes\u201d est\u00e1 avan\u00e7ando para sua quarta fase comemorando conquistas significativas. At\u00e9 o momento, mais de 500 capacita\u00e7\u00f5es foram realizadas por meio de cinco oficinas nas regi\u00f5es do Recanto das Emas, Estrutural e Riacho Fundo II. Essas oficinas abrangem uma variedade de atividades, desde a cria\u00e7\u00e3o de uma Feira Colaborativa at\u00e9 apresenta\u00e7\u00f5es de f\u00e1bulas cativantes para o p\u00fablico infantil. Agora, \u00e9 o momento de estender essas atividades \u00e0s creches e \u00e0 comunidade do Sol Nascente\/P\u00f4r do Sol. At\u00e9 o final de setembro, um conjunto diversificado de iniciativas ser\u00e1 oferecido \u00e0s comunidades da Creche Pingo de Ouro e Creche Crescente RN, abrangendo desde atividades recreativas para as crian\u00e7as at\u00e9 workshops de capacita\u00e7\u00e3o destinados a toda a comunidade.<\/p>\n\n\n\n<p>O projeto Ninho das Artes \u00e9 uma iniciativa do Instituto Cidade C\u00e9u e conta com o patroc\u00ednio da Neoenergia Bras\u00edlia, atrav\u00e9s do respaldo da Lei de Incentivo \u00e0 Cultura (LIC), concedida pela Secretaria de Cultura e Economia Criativa do Distrito Federal (Secec). Alinhado aos Objetivos de Desenvolvimento Sustent\u00e1vel (ODS) estabelecidos no edital \u201cTransformando Energia em Cultura\u201d da Neoenergia, o \u201cNinho das Artes\u201d opera com os seguintes princ\u00edpios fundamentais: cultura, educa\u00e7\u00e3o, emprego e fomento de comunidades sustent\u00e1veis, especialmente dentro do contexto das creches localizadas no Distrito Federal.<\/p>\n\n\n\n<p>Ao longo do programa, a a\u00e7\u00e3o proporciona 100 horas aula por Regi\u00e3o Administrativa, abrangendo a comunidade interna e externa da creche \u2013 monitores, merendeiros, professores, auxiliares e pais dos alunos. Essas aulas abarcar\u00e3o uma combina\u00e7\u00e3o de teoria e pr\u00e1tica, todas supervisionadas por orienta\u00e7\u00e3o pedag\u00f3gica. Para as crian\u00e7as, uma atividade l\u00fadica ser\u00e1 a grande atra\u00e7\u00e3o dispon\u00edvel, na forma da f\u00e1bula \u201cO Coelho e o Casamento da On\u00e7a\u201d, uma adapta\u00e7\u00e3o realizada por S\u00e9rgio Maggio a partir do universo de f\u00e1bulas concebido por Monteiro Lobato.<\/p>\n\n\n\n<p>Jones Schneider, produtor cultural e l\u00edder do Instituto Cidade C\u00e9u, compartilha: \u201cO Ninho das Artes fortalece e intensifica os v\u00ednculos comunit\u00e1rios que j\u00e1 se estabeleceram em rela\u00e7\u00e3o a essas creches. As oficinas conduzidas nas fases anteriores evidenciaram a viabilidade de expandir a compreens\u00e3o das comunidades, criando oportunidades de ganhos financeiros e difundindo os princ\u00edpios de reciclagem e conscientiza\u00e7\u00e3o ambiental\u201d, comemora.<\/p>\n\n\n\n<p><strong>*Feiras criativas e renda para a comunidade*<\/strong><\/p>\n\n\n\n<p>O enfoque central do Ninho das Artes \u00e9 sobre a economia criativa. O projeto engloba processos educativos que resultam em produtos prontos para serem facilmente apresentados em feiras colaborativas, tudo com base nos princ\u00edpios de reciclagem e sensibiliza\u00e7\u00e3o ambiental. As oficinas abarcam diversas \u00e1reas, desde a elabora\u00e7\u00e3o de brinquedos tradicionais at\u00e9 a personaliza\u00e7\u00e3o de vestu\u00e1rio, artesanato e organiza\u00e7\u00e3o de eventos de mercado, com a valiosa contribui\u00e7\u00e3o de profissionais proeminentes nos \u00e2mbitos da cultura e economia criativa no panorama brasileiro.<\/p>\n\n\n\n<p><strong>*Objetivos de Desenvolvimento Sustent\u00e1vel*<\/strong><\/p>\n\n\n\n<p>S\u00e3o 17 objetivos interconectados que abordam os principais desafios de desenvolvimento enfrentados por pessoas no Brasil e no mundo. De acordo com as premissas da Neoenergia, parceira da ONU no Brasil, o Ninho das Artes trabalha com quatro (ODS) \u2013 4: Educa\u00e7\u00e3o de Qualidade, 8:Trabalho Decente e Crescimento Econ\u00f4mico, 11 Cidades e Comunidades Sustent\u00e1veis e 17: Parcerias e Meios e Implementa\u00e7\u00e3o.<\/p>\n\n\n\n<p><strong>*Servi\u00e7o: Ninho das Artes Etapa Sol Nascente\/P\u00f4r do Sol*<\/strong><\/p>\n\n\n\n<p>28 de agosto a 15 de setembro<\/p>\n\n\n\n<p>F\u00e1bulas: \u201cO Coelho e o Casamento da On\u00e7a F\u00e1bula dia Sol Nascente<\/p>\n\n\n\n<p>05\/09 \u2013 14h30 e 16h<\/p>\n\n\n\n<p>Creches: Instituto e Creche Pingo de Ouro<\/p>\n\n\n\n<p>Creche Crescente RN<\/p>\n\n\n\n<p>Local das oficinas: Instituto M\u00e3os Solid\u00e1rias<\/p>\n\n\n\n<p>*Oficinas*<\/p>\n\n\n\n<p>\ud83c\udf88Oficina de Artesanato de 28\/8 a 01\/9, das 8h30 \u00e0s 12h, com Eliane Teixeira<\/p>\n\n\n\n<p>\ud83c\udf88Oficina de Constru\u00e7\u00e3o de Brinquedos Criativos 28\/8 a 01\/9, das 13h30 \u00e0s 17h, com o palha\u00e7o Mandioca Frita<\/p>\n\n\n\n<p>&nbsp;\ud83c\udf88Oficina de Gastronomia Integral de Alimentos, de 4\/9 a 8\/9, das 8h30 \u00e0s 12h, com a chef Alessandra Brant<\/p>\n\n\n\n<p>\ud83c\udf88Oficina de Customiza\u00e7\u00e3o de Roupas, de 4\/9 a 8\/9, das 13h30 \u00e0s 17h, com a estilista Fernanda Ferrugem<\/p>\n\n\n\n<p>\ud83c\udf88Oficina de Organiza\u00e7\u00e3o de Bazar Cultural\/Feira, de 11\/9 a 15\/9, das 8h30 \u00e0s 12h, com a coordenadora de exposi\u00e7\u00f5es \u00c2ngela Francini<\/p>\n\n\n\n<p>\ud83d\udd0a&nbsp;As oficinas ser\u00e3o realizadas no Instituto M\u00e3os Solid\u00e1rias e o participante pode escolher todas as op\u00e7\u00f5es<\/p>\n\n\n\n<p>\u2618\ufe0f&nbsp;Este projeto tem recursos da Lei de Incentivo \u00e0 Cultural do Distrito Federal e patroc\u00ednio da Neoenergia Bras\u00edlia<\/p>\n\n\n\n<p>\ud83d\udc63A realiza\u00e7\u00e3o \u00e9 do Instituto Cidade C\u00e9u de Arte Educa\u00e7\u00e3o e Cultura<\/p>\n\n\n\n<p>\ud83d\udc83&nbsp;O projeto Ninho das Artes fortalece o trabalho das creches da cidade e tem reserva de vagas gratuitas para a comunidade.<\/p>\n\n\n\n<p>Site oficial:&nbsp;<a href=\"https:\/\/ninhodasartes.com\/\" target=\"_blank\" rel=\"noreferrer noopener\">https:\/\/ninhodasartes.com\/<\/a><\/p>\n\n\n\n<p>Instagram: @ninhodasartesprojeto<\/p>\n\n\n\n<p>Realiza\u00e7\u00e3o @institutocidadeceu<\/p>\n","protected":false},"excerpt":{"rendered":"<p>A a\u00e7\u00e3o, que chega sua quarta etapa fortalece comunidade e forma agentes multiplicadores com oficinas e feiras colaborativas&nbsp; O \u201cNinho das Artes\u201d est\u00e1 avan\u00e7ando para sua quarta fase comemorando conquistas significativas. At\u00e9 o momento, mais de 500 capacita\u00e7\u00f5es foram realizadas por meio de cinco oficinas nas regi\u00f5es do Recanto das Emas, Estrutural e Riacho Fundo [&hellip;]<\/p>\n","protected":false},"author":2,"featured_media":0,"comment_status":"open","ping_status":"open","sticky":false,"template":"","format":"standard","meta":{"footnotes":""},"categories":[10],"tags":[],"_links":{"self":[{"href":"https:\/\/ninhodasartes.com\/index.php\/wp-json\/wp\/v2\/posts\/467"}],"collection":[{"href":"https:\/\/ninhodasartes.com\/index.php\/wp-json\/wp\/v2\/posts"}],"about":[{"href":"https:\/\/ninhodasartes.com\/index.php\/wp-json\/wp\/v2\/types\/post"}],"author":[{"embeddable":true,"href":"https:\/\/ninhodasartes.com\/index.php\/wp-json\/wp\/v2\/users\/2"}],"replies":[{"embeddable":true,"href":"https:\/\/ninhodasartes.com\/index.php\/wp-json\/wp\/v2\/comments?post=467"}],"version-history":[{"count":2,"href":"https:\/\/ninhodasartes.com\/index.php\/wp-json\/wp\/v2\/posts\/467\/revisions"}],"predecessor-version":[{"id":471,"href":"https:\/\/ninhodasartes.com\/index.php\/wp-json\/wp\/v2\/posts\/467\/revisions\/471"}],"wp:attachment":[{"href":"https:\/\/ninhodasartes.com\/index.php\/wp-json\/wp\/v2\/media?parent=467"}],"wp:term":[{"taxonomy":"category","embeddable":true,"href":"https:\/\/ninhodasartes.com\/index.php\/wp-json\/wp\/v2\/categories?post=467"},{"taxonomy":"post_tag","embeddable":true,"href":"https:\/\/ninhodasartes.com\/index.php\/wp-json\/wp\/v2\/tags?post=467"}],"curies":[{"name":"wp","href":"https:\/\/api.w.org\/{rel}","templated":true}]}}