{"id":461,"date":"2023-06-11T18:21:27","date_gmt":"2023-06-11T21:21:27","guid":{"rendered":"https:\/\/ninhodasartes.com\/?p=461"},"modified":"2023-06-11T18:21:27","modified_gmt":"2023-06-11T21:21:27","slug":"projeto-ninho-das-artes-promove-interacao-entre-creches-e-comunidade-do-df","status":"publish","type":"post","link":"https:\/\/ninhodasartes.com\/index.php\/2023\/06\/11\/projeto-ninho-das-artes-promove-interacao-entre-creches-e-comunidade-do-df\/","title":{"rendered":"Projeto Ninho das Artes promove intera\u00e7\u00e3o entre creches e comunidade do DF"},"content":{"rendered":"\n<h1 class=\"wp-block-heading\"><\/h1>\n\n\n\n<h2 class=\"wp-block-heading\">Iniciativa vai oferecer atividades l\u00fadicas para as crian\u00e7as, oficinas de capacita\u00e7\u00e3o para pais, professores e servidores e uma feira de economia criativa<\/h2>\n\n\n\n<p><a href=\"https:\/\/jornaldebrasilia.com.br\/author\/deboa-brasilia\/\"><\/a><\/p>\n\n\n\n<figure class=\"wp-block-image\"><a href=\"https:\/\/jornaldebrasilia.com.br\/author\/deboa-brasilia\/\"><img decoding=\"async\" src=\"https:\/\/cdn.jornaldebrasilia.com.br\/wp-content\/uploads\/2021\/02\/10191353\/EmblemaJBr-Quadrado-300x300-1.jpg\" alt=\"\"\/><\/a><\/figure>\n\n\n\n<p><a href=\"https:\/\/jornaldebrasilia.com.br\/author\/deboa-brasilia\/\"><strong>Por Reda\u00e7\u00e3o Jornal de Bras\u00edlia<\/strong><\/a>30\/05\/2023 4h30<\/p>\n\n\n\n<figure class=\"wp-block-image\"><img decoding=\"async\" src=\"https:\/\/cdn.jornaldebrasilia.com.br\/wp-content\/uploads\/2023\/05\/30163026\/Creche-Coracao-de-Cristo-Recanto-das-Emas.jpeg\" alt=\"\"\/><\/figure>\n\n\n\n<p>O Instituto Cidade C\u00e9u e lan\u00e7a, em junho, o projeto sociocultural \u201cNinho das Artes\u201d. Com in\u00edcio marcado para o pr\u00f3ximo dia 5, nas creches Beija-Flor e Cora\u00e7\u00e3o de Cristo, do Recanto das Emas, a iniciativa vai oferecer atividades l\u00fadicas para as crian\u00e7as, oficinas de capacita\u00e7\u00e3o para pais, professores e servidores e uma feira de economia criativa com produtos desenvolvidos nos cursos.<\/p>\n\n\n\n<p>O projeto inclui oficinas formativas com produtos que podem ser facilmente disponibilizados em feiras colaborativas, usando os conceitos de reciclagem e consci\u00eancia ambiental. Entre as oficinas, est\u00e3o a confec\u00e7\u00e3o de brinquedos populares, a customiza\u00e7\u00e3o de roupas, artesanato e administra\u00e7\u00e3o de feiras e bazares, contando com a participa\u00e7\u00e3o de profissionais reconhecidos nas \u00e1reas de cultura e economia criativa no Brasil. O palha\u00e7o Mandioca Frita ensinar\u00e1 professores, volunt\u00e1rias e m\u00e3es a confeccionar brinquedos com materiais recicl\u00e1veis, enquanto a estilista Fernanda Ferrugem propor\u00e1 transforma\u00e7\u00f5es de pe\u00e7as usadas por meio de diversas t\u00e9cnicas de recria\u00e7\u00e3o. A artes\u00e3 Eliane Teixeira ensinar\u00e1 como criar pe\u00e7as com materiais acess\u00edveis para comercializa\u00e7\u00e3o em feiras e bazares. J\u00e1 \u00c2ngela Francini vai ensinar como organizar um Bazar Cultural, e a Chef Alessandra Brandt ministrar\u00e1 a oficina de gastronomia e aproveitamento integral dos alimentos.<\/p>\n\n\n\n<p>Ser\u00e3o 100 horas\/aula ministradas ao corpo da creche (monitores, merendeiros, professores, auxiliares e pais de alunos), contemplando conte\u00fados te\u00f3ricos e pr\u00e1ticos sob coordena\u00e7\u00e3o pedag\u00f3gica. Para as crian\u00e7as, haver\u00e1 atividade l\u00fadica, a f\u00e1bula \u201cO Coelho e o Casamento da On\u00e7a\u201d, adaptada por S\u00e9rgio Maggio, do universo de f\u00e1bulas de Monteiro Lobato.<\/p>\n\n\n\n<p><\/p>\n\n\n\n<p>O Ninho das Artes vai passar por Recanto das Emas, Cidade Estrutural, Sol Nascente\/P\u00f4r do Sol, Riacho Fundo e Taguatinga. O projeto \u00e9 promovido pelo Instituto Cidade C\u00e9u e patrocinado pela Neoenergia Bras\u00edlia por meio da Lei de Incentivo \u00e0 Cultura (LIC), da Secretaria de Cultura e Economia Criativa do Distrito Federal (Secec).<\/p>\n\n\n\n<p><strong>Servi\u00e7o: Ninho das Artes \u2013 Etapa Recanto das Emas<\/strong><br>05 a 23 de junho \u2013 Creches Beija Flor e Cora\u00e7\u00e3o de Cristo<\/p>\n\n\n\n<p>Oficinas:<\/p>\n\n\n\n<ul>\n<li>Artesanato \u2013 Eliane Teixeira<\/li>\n\n\n\n<li>Customiza\u00e7\u00e3o \u2013 Fernanda Ferrugem<\/li>\n\n\n\n<li>Organiza\u00e7\u00e3o de Bazar Cultural \u2013 \u00c2ngela Francini<\/li>\n\n\n\n<li>Gastronomia e aproveitamento de alimentos \u2013 Alessandra Brandt<\/li>\n\n\n\n<li>Brinquedos Criativos \u2013 Palha\u00e7o Mandioca Frita<\/li>\n<\/ul>\n\n\n\n<p>Realiza\u00e7\u00e3o @institutocidadeceu<br>Inscri\u00e7\u00e3o das oficinas etapa Recanto das Emas:\u00a0<a rel=\"noreferrer noopener\" href=\"https:\/\/forms.gle\/bZeeYaz7yWXRyDm76\" target=\"_blank\">forms.gle\/bZeeYaz7yWXRyDm76<\/a><\/p>\n\n\n\n<p><a href=\"https:\/\/jornaldebrasilia.com.br\/brasilia\/projeto-ninho-das-artes-promove-interacao-entre-creches-e-comunidade-do-df\/\">Projeto Ninho das Artes promove intera\u00e7\u00e3o entre creches e comunidade do DF &#8211; Jornal de Bras\u00edlia (jornaldebrasilia.com.br)<\/a><\/p>\n","protected":false},"excerpt":{"rendered":"<p>Iniciativa vai oferecer atividades l\u00fadicas para as crian\u00e7as, oficinas de capacita\u00e7\u00e3o para pais, professores e servidores e uma feira de economia criativa Por Reda\u00e7\u00e3o Jornal de Bras\u00edlia30\/05\/2023 4h30 O Instituto Cidade C\u00e9u e lan\u00e7a, em junho, o projeto sociocultural \u201cNinho das Artes\u201d. Com in\u00edcio marcado para o pr\u00f3ximo dia 5, nas creches Beija-Flor e Cora\u00e7\u00e3o [&hellip;]<\/p>\n","protected":false},"author":2,"featured_media":0,"comment_status":"open","ping_status":"open","sticky":false,"template":"","format":"standard","meta":{"footnotes":""},"categories":[1],"tags":[],"_links":{"self":[{"href":"https:\/\/ninhodasartes.com\/index.php\/wp-json\/wp\/v2\/posts\/461"}],"collection":[{"href":"https:\/\/ninhodasartes.com\/index.php\/wp-json\/wp\/v2\/posts"}],"about":[{"href":"https:\/\/ninhodasartes.com\/index.php\/wp-json\/wp\/v2\/types\/post"}],"author":[{"embeddable":true,"href":"https:\/\/ninhodasartes.com\/index.php\/wp-json\/wp\/v2\/users\/2"}],"replies":[{"embeddable":true,"href":"https:\/\/ninhodasartes.com\/index.php\/wp-json\/wp\/v2\/comments?post=461"}],"version-history":[{"count":1,"href":"https:\/\/ninhodasartes.com\/index.php\/wp-json\/wp\/v2\/posts\/461\/revisions"}],"predecessor-version":[{"id":462,"href":"https:\/\/ninhodasartes.com\/index.php\/wp-json\/wp\/v2\/posts\/461\/revisions\/462"}],"wp:attachment":[{"href":"https:\/\/ninhodasartes.com\/index.php\/wp-json\/wp\/v2\/media?parent=461"}],"wp:term":[{"taxonomy":"category","embeddable":true,"href":"https:\/\/ninhodasartes.com\/index.php\/wp-json\/wp\/v2\/categories?post=461"},{"taxonomy":"post_tag","embeddable":true,"href":"https:\/\/ninhodasartes.com\/index.php\/wp-json\/wp\/v2\/tags?post=461"}],"curies":[{"name":"wp","href":"https:\/\/api.w.org\/{rel}","templated":true}]}}