{"id":459,"date":"2023-06-11T18:17:07","date_gmt":"2023-06-11T21:17:07","guid":{"rendered":"https:\/\/ninhodasartes.com\/?p=459"},"modified":"2023-06-11T18:17:07","modified_gmt":"2023-06-11T21:17:07","slug":"ninho-das-artes-promove-interacao-entre-creches-e-comunidade-do-distrito-federal-com-atividades-socioculturais-4","status":"publish","type":"post","link":"https:\/\/ninhodasartes.com\/index.php\/2023\/06\/11\/ninho-das-artes-promove-interacao-entre-creches-e-comunidade-do-distrito-federal-com-atividades-socioculturais-4\/","title":{"rendered":"Ninho das Artes promove intera\u00e7\u00e3o entre creches e comunidade do Distrito Federal com atividades socioculturais"},"content":{"rendered":"\n<p>Publicado: 30 Mai 2023<\/p>\n\n\n\n<p><a href=\"javascript:void(0)\"><\/a><\/p>\n\n\n\n<p><a href=\"https:\/\/twitter.com\/share\"><\/a><\/p>\n\n\n\n<p>Visite Bras\u00edlia<\/p>\n\n\n\n<figure class=\"wp-block-image\"><img decoding=\"async\" src=\"http:\/\/visitebrasilia.com.br\/media\/plg_jspeed\/cache\/images\/98f67b8b069cc7268cd3f07c7b06daae59dbba70.webp\" alt=\"\"\/><\/figure>\n\n\n\n<p>O projeto tem como objetivo fortalecer as creches e formar agentes comunit\u00e1rios multiplicadores por meio de oficinas de empreendedorismo e feiras colaborativas<\/p>\n\n\n\n<p>&nbsp;As creches s\u00e3o locais de transforma\u00e7\u00e3o social, onde crian\u00e7as, trabalhadores e comunidade cuidam e ensinam uns aos outros. Com base nesse conceito, surge o projeto &#8220;Ninho das Artes&#8221;. Com in\u00edcio marcado para o dia 5 de junho, nas creches do Recanto das Emas, Beija-Flor e Cora\u00e7\u00e3o de Cristo, o projeto sociocultural integra cinco Regi\u00f5es Administrativas do Distrito Federal: Recanto das Emas, Estrutural, Sol Nascente\/P\u00f4r do Sol, Riacho Fundo e Taguatinga. Ser\u00e3o oferecidas atividades l\u00fadicas para as crian\u00e7as, oficinas de capacita\u00e7\u00e3o para os servidores das creches, pais e professores, al\u00e9m da cria\u00e7\u00e3o de uma feira de economia criativa com produtos desenvolvidos nos cursos.<\/p>\n\n\n\n<p>O projeto abre em junho na cidade de Recanto das Emas, envolvendo as creches Beija Flor e Cora\u00e7\u00e3o de Cristo e em parceria no Centro de Viv\u00eancia do Idoso, espa\u00e7o p\u00fablico do GDF. O Ninho das Artes \u00e9 promovido pelo Instituto Cidade C\u00e9u e patrocinado pela Neoenergia Bras\u00edlia por meio da Lei de Incentivo \u00e0 Cultura (LIC), da Secretaria de Cultura e Economia Criativa do Distrito Federal (Secec).<\/p>\n\n\n\n<p>Alinhado com os Objetivos de Desenvolvimento Sustent\u00e1vel (ODS) adotados pelo edital Transformando Energia em Cultura, da Neoenergia, o Ninho das Artes trabalha com os seguintes pilares: cultura, educa\u00e7\u00e3o, trabalho e comunidades sustent\u00e1veis dentro das creches do Distrito Federal. Durante o cronograma, o projeto oferecer\u00e1 100 horas\/aula por Regi\u00e3o Administrativa ao corpo da creche (monitores, merendeiros, professores, auxiliares e pais de alunos), contemplando conte\u00fados te\u00f3ricos e pr\u00e1ticos sob coordena\u00e7\u00e3o pedag\u00f3gica. Para as crian\u00e7as, haver\u00e1 atividade l\u00fadica, a f\u00e1bula &#8220;O Coelho e o Casamento da On\u00e7a&#8221;, adaptada por S\u00e9rgio Maggio, do universo de f\u00e1bulas de Monteiro Lobato.<\/p>\n\n\n\n<p>\u00c0 frente do Ninho das Artes, o produtor cultural e presidente do Instituto Cidade C\u00e9u, Jones Schneider, relata: &#8220;O Ninho das Artes nasce do desejo de estender e aprofundar os la\u00e7os comunit\u00e1rios que j\u00e1 existem em torno dessas creches. &#8216;Estes locais operam muitas vezes com voluntariado de m\u00e3es que cuidam das crian\u00e7as da comunidade para que uma grande parte das mulheres saia para trabalhar.&#8217; As oficinas foram pensadas na possibilidade de ampliar o conhecimento, favorecer uma fonte de renda e disseminar os conceitos de reciclagem e consci\u00eancia ambiental&#8221;, considera o idealizador.<\/p>\n\n\n\n<p>Quanto \u00e0 gera\u00e7\u00e3o de renda nas comunidades atendidas pelas creches, o projeto buscar\u00e1 promover o crescimento econ\u00f4mico. Ap\u00f3s a conclus\u00e3o das oficinas, a comunidade administrar\u00e1 suas feiras colaborativas, com os produtos confeccionados durante as aulas. O presidente do Instituto Cidade C\u00e9u ressalta que a meta \u00e9 revelar o potencial de agentes comunit\u00e1rios para integrar as oficinas e formar as feiras de maneira sustent\u00e1vel e consistente.<\/p>\n\n\n\n<p>*Creches Pot\u00eancias*<\/p>\n\n\n\n<p>O Ninho das Artes tem um foco especial na economia criativa. O projeto inclui oficinas formativas com produtos que podem ser facilmente disponibilizados em feiras colaborativas, usando os conceitos de reciclagem e consci\u00eancia ambiental. Entre as oficinas, est\u00e3o a confec\u00e7\u00e3o de brinquedos populares, a customiza\u00e7\u00e3o de roupas, artesanato e administra\u00e7\u00e3o de feiras e bazares, contando com a participa\u00e7\u00e3o de profissionais reconhecidos nas \u00e1reas de cultura e economia criativa no Brasil. O palha\u00e7o Mandioca Frita ensinar\u00e1 professores, volunt\u00e1rias e m\u00e3es a confeccionar brinquedos com materiais recicl\u00e1veis, enquanto a estilista Fernanda Ferrugem propor\u00e1 transforma\u00e7\u00f5es de pe\u00e7as usadas por meio de diversas t\u00e9cnicas de recria\u00e7\u00e3o. A artes\u00e3 Eliane Teixeira ensinar\u00e1 como criar pe\u00e7as com materiais acess\u00edveis para comercializa\u00e7\u00e3o em feiras e bazares. J\u00e1 \u00c2ngela Francini vai ensinar como organizar um Bazar Cultural, e a Chef Alessandra Brandt ministrar\u00e1 a oficina de gastronomia e aproveitamento integral dos alimentos.<\/p>\n\n\n\n<p>Eliane Teixeira, artes\u00e3 de Patos de Minas e moradora de Bras\u00edlia h\u00e1 mais de 50 anos, \u00e9 respons\u00e1vel pela oficina de artesanato com bordado livre na produ\u00e7\u00e3o de mandalas, utilizando pintura e retalhos de tecidos. Ela expressa sua empolga\u00e7\u00e3o em transmitir seu of\u00edcio \u00e0s comunidades atendidas pelas creches do Distrito Federal. Eliane destaca: &#8220;Cresci rodeada de linhas, fios e tecidos, pois minha m\u00e3e era uma costureira talentosa. Por isso, tenho grande interesse em trabalhos manuais, que estimulam a criatividade e aquecem o cora\u00e7\u00e3o. Compartilharemos nossos conhecimentos e nos tornaremos mais fortes juntos&#8221;.<\/p>\n\n\n\n<p>A iniciativa tamb\u00e9m busca fortalecer os la\u00e7os comunit\u00e1rios e o trabalho solid\u00e1rio, promovendo o fortalecimento interpessoal nas creches e nas comunidades atendidas, criando uma grande rede de apoio entre os envolvidos. A a\u00e7\u00e3o celebra parcerias entre a comunidade do Distrito Federal e o poder p\u00fablico, reconhecendo as creches como atores sociais pelas autoridades locais. O Ninho tamb\u00e9m busca o apoio integrado das Administra\u00e7\u00f5es Regionais atendidas. O projeto visa capacitar e empoderar as creches e comunidades, construindo um futuro mais promissor e sustent\u00e1vel, destacando a valoriza\u00e7\u00e3o da cultura local e a intera\u00e7\u00e3o entre creches, popula\u00e7\u00e3o e poder p\u00fablico.<\/p>\n\n\n\n<p>O Ninho das Artes planta sementes para o desenvolvimento da comunidade, promovendo a integra\u00e7\u00e3o, a educa\u00e7\u00e3o de qualidade, o trabalho decente e a cria\u00e7\u00e3o de comunidades sustent\u00e1veis, transformando as creches em importantes for\u00e7as sociais n\u00e3o apenas para as crian\u00e7as, mas para toda a comunidade ao redor, por meio da valoriza\u00e7\u00e3o da cultura local e da intera\u00e7\u00e3o entre creches, popula\u00e7\u00e3o e poder p\u00fablico.<\/p>\n\n\n\n<p>Sobre os Objetivos de Desenvolvimento Sustent\u00e1vel<\/p>\n\n\n\n<p>Implementados pela Organiza\u00e7\u00e3o das Na\u00e7\u00f5es Unidas (ONU), os Objetivos de Desenvolvimento Sustent\u00e1vel s\u00e3o um apelo global \u00e0 a\u00e7\u00e3o para acabar com a pobreza, proteger o meio ambiente e garantir que as pessoas, em todos os lugares, possam ter paz e prosperidade. Estes s\u00e3o os objetivos para que possa atingir a Agenda 2030 no Brasil.<\/p>\n\n\n\n<p>S\u00e3o 17 objetivos ambiciosos e interconectados que abordam os principais desafios de desenvolvimento enfrentados por pessoas no Brasil e no mundo. De acordo com as premissas da Neoenergia, parceira da ONU no Brasil, o Ninho das Artes trabalha com quatro (ODS) \u2013 4: Educa\u00e7\u00e3o de Qualidade, 8:Trabalho Decente e Crescimento Econ\u00f4mico, 11 Cidades e Comunidades Sustent\u00e1veis e 17: Parcerias e Meios e Implementa\u00e7\u00e3o.<\/p>\n\n\n\n<p>Servi\u00e7o: Ninho das Artes<\/p>\n\n\n\n<p>Etapa Recanto das Emas<\/p>\n\n\n\n<p>05 a 23 de junho &#8211; Creches Beija Flor e Cora\u00e7\u00e3o de Cristo<\/p>\n\n\n\n<p>&#8220;O Coelho e o Casamento da On\u00e7a&#8221;, dia 20.6, \u00e0s 1430 e 16h30.<\/p>\n\n\n\n<p>Oficinas:<\/p>\n\n\n\n<p>Artesanato \u2013 Eliane Teixeira<\/p>\n\n\n\n<p>Customiza\u00e7\u00e3o \u2013 Fernanda Ferrugem<\/p>\n\n\n\n<p>Organiza\u00e7\u00e3o de Bazar Cultural \u2013 \u00c2ngela Francini<\/p>\n\n\n\n<p>Gastronomia e aproveitamento de alimentos \u2013 Alessandra Brandt<\/p>\n\n\n\n<p>Brinquedos Criativos \u2013 Palha\u00e7o Mandioca Frita<\/p>\n\n\n\n<p>Realiza\u00e7\u00e3o @institutocidadeceu<\/p>\n\n\n\n<p>Inscri\u00e7\u00e3o das oficinas etapa Recanto das Emas:\u00a0<a rel=\"noreferrer noopener\" href=\"https:\/\/docs.google.com\/forms\/d\/e\/1FAIpQLSfPA7f959onWaxotcMaZkiWE63WT3qVCyHPCrShYRigcbLaLQ\/viewform\" target=\"_blank\">forms.gle\/bZeeYaz7yWXRyDm76<\/a>\u00a0\u00a0<\/p>\n\n\n\n<p><a href=\"http:\/\/visitebrasilia.com.br\/noticias\/ninho-das-artes-promove-interacao-entre-creches-e-comunidade-do-distrito-federal-com-atividades-socioculturais\">Ninho das Artes promove intera\u00e7\u00e3o entre creches e comunidade do Distrito Federal com atividades socioculturais (visitebrasilia.com.br)<\/a><\/p>\n","protected":false},"excerpt":{"rendered":"<p>Publicado: 30 Mai 2023 Visite Bras\u00edlia O projeto tem como objetivo fortalecer as creches e formar agentes comunit\u00e1rios multiplicadores por meio de oficinas de empreendedorismo e feiras colaborativas &nbsp;As creches s\u00e3o locais de transforma\u00e7\u00e3o social, onde crian\u00e7as, trabalhadores e comunidade cuidam e ensinam uns aos outros. Com base nesse conceito, surge o projeto &#8220;Ninho das [&hellip;]<\/p>\n","protected":false},"author":2,"featured_media":0,"comment_status":"open","ping_status":"open","sticky":false,"template":"","format":"standard","meta":{"footnotes":""},"categories":[1],"tags":[],"_links":{"self":[{"href":"https:\/\/ninhodasartes.com\/index.php\/wp-json\/wp\/v2\/posts\/459"}],"collection":[{"href":"https:\/\/ninhodasartes.com\/index.php\/wp-json\/wp\/v2\/posts"}],"about":[{"href":"https:\/\/ninhodasartes.com\/index.php\/wp-json\/wp\/v2\/types\/post"}],"author":[{"embeddable":true,"href":"https:\/\/ninhodasartes.com\/index.php\/wp-json\/wp\/v2\/users\/2"}],"replies":[{"embeddable":true,"href":"https:\/\/ninhodasartes.com\/index.php\/wp-json\/wp\/v2\/comments?post=459"}],"version-history":[{"count":1,"href":"https:\/\/ninhodasartes.com\/index.php\/wp-json\/wp\/v2\/posts\/459\/revisions"}],"predecessor-version":[{"id":460,"href":"https:\/\/ninhodasartes.com\/index.php\/wp-json\/wp\/v2\/posts\/459\/revisions\/460"}],"wp:attachment":[{"href":"https:\/\/ninhodasartes.com\/index.php\/wp-json\/wp\/v2\/media?parent=459"}],"wp:term":[{"taxonomy":"category","embeddable":true,"href":"https:\/\/ninhodasartes.com\/index.php\/wp-json\/wp\/v2\/categories?post=459"},{"taxonomy":"post_tag","embeddable":true,"href":"https:\/\/ninhodasartes.com\/index.php\/wp-json\/wp\/v2\/tags?post=459"}],"curies":[{"name":"wp","href":"https:\/\/api.w.org\/{rel}","templated":true}]}}